{"id":1101425,"global_id":"mazury-zachodnie.pl\/en?id=1101425","global_id_lineage":["mazury-zachodnie.pl\/en?id=1101425"],"author":"2","status":"publish","date":"2026-04-27 10:06:49","date_utc":"2026-04-27 08:06:49","modified":"2026-04-27 10:06:49","modified_utc":"2026-04-27 08:06:49","url":"https:\/\/mazury-zachodnie.pl\/en\/wydarzenie\/noc-muzeow-grunwald\/","rest_url":"https:\/\/mazury-zachodnie.pl\/en\/wp-json\/tribe\/events\/v1\/events\/1101425","title":"NOC MUZE\u00d3W | Grunwald!","description":"<div class=\"xdj266r x14z9mp xat24cr x1lziwak x1vvkbs x126k92a\">\n<div dir=\"auto\">Ju\u017c 9 maja zapraszamy do Muzeum Bitwy pod Grunwaldem w St\u0119barku na Europejsk\u0105 Noc Muze\u00f3w.<span class=\"html-span xexx8yu xyri2b x18d9i69 x1c1uobl x1hl2dhg x16tdsg8 x1vvkbs x3nfvp2 x1j61x8r x1fcty0u xdj266r xat24cr xm2jcoa x1mpyi22 xxymvpz xlup9mm x1kky2od\"><img loading=\"lazy\" decoding=\"async\" class=\"xz74otr x15mokao x1ga7v0g x16uus16 xbiv7yw\" src=\"https:\/\/static.xx.fbcdn.net\/images\/emoji.php\/v9\/t33\/1\/16\/1f319.png\" alt=\"\ud83c\udf19\" width=\"16\" height=\"16\" \/><\/span><\/div>\n<\/div>\n<div class=\"x14z9mp xat24cr x1lziwak x1vvkbs xtlvy1s x126k92a\">\n<div dir=\"auto\">Wiecz\u00f3r, kiedy Grunwald mo\u017cna zobaczy\u0107 od zupe\u0142nie innej strony, w spokojniejszym tempie i wyj\u0105tkowym, nocnym klimacie.<span class=\"html-span xexx8yu xyri2b x18d9i69 x1c1uobl x1hl2dhg x16tdsg8 x1vvkbs x3nfvp2 x1j61x8r x1fcty0u xdj266r xat24cr xm2jcoa x1mpyi22 xxymvpz xlup9mm x1kky2od\"><img loading=\"lazy\" decoding=\"async\" class=\"xz74otr x15mokao x1ga7v0g x16uus16 xbiv7yw\" src=\"https:\/\/static.xx.fbcdn.net\/images\/emoji.php\/v9\/t8\/1\/16\/2694.png\" alt=\"\u2694\ufe0f\" width=\"16\" height=\"16\" \/><\/span><\/div>\n<\/div>\n<div class=\"x14z9mp xat24cr x1lziwak x1vvkbs xtlvy1s x126k92a\">\n<div dir=\"auto\">Od godziny 16:00 Muzeum b\u0119dzie otwarte na bezp\u0142atne zwiedzanie. W programie przewidziane s\u0105 trzy wej\u015bcia do Muzeum z przewodnikiem, gry i zabawy plebejskie, a gdy zapadnie wiecz\u00f3r wsp\u00f3lnie wyruszymy z latarniami na Wzg\u00f3rze Pomnikowe. Tam zobaczycie pokaz artylerii, a na zako\u0144czenie odb\u0119dzie si\u0119 widowiskowe fireshow.<span class=\"html-span xexx8yu xyri2b x18d9i69 x1c1uobl x1hl2dhg x16tdsg8 x1vvkbs x3nfvp2 x1j61x8r x1fcty0u xdj266r xat24cr xm2jcoa x1mpyi22 xxymvpz xlup9mm x1kky2od\"><img loading=\"lazy\" decoding=\"async\" class=\"xz74otr x15mokao x1ga7v0g x16uus16 xbiv7yw\" src=\"https:\/\/static.xx.fbcdn.net\/images\/emoji.php\/v9\/t7d\/1\/16\/1f56f.png\" alt=\"\ud83d\udd6f\ufe0f\" width=\"16\" height=\"16\" \/><\/span><\/div>\n<\/div>\n<div class=\"x14z9mp xat24cr x1lziwak x1vvkbs xtlvy1s x126k92a\">\n<div dir=\"auto\">Tegoroczna edycja ma te\u017c szczeg\u00f3lny charakter, zostanie po\u0142\u0105czona z wernisa\u017cem wystawy czasowej pt. &#8222;Razem&#8221; w Galerii Sztuki Grunwaldzkiej, przygotowanej przez artyst\u00f3w polskich z Okr\u0119gu Lubelskiego Zwi\u0105zku Artyst\u00f3w Plastyk\u00f3w oraz Zwi\u0105zku Artyst\u00f3w Litewskich. To niezwyk\u0142e spotkanie dw\u00f3ch \u015brodowisk tw\u00f3rczych, inspirowane wsp\u00f3ln\u0105 histori\u0105 naszych narod\u00f3w. <span class=\"html-span xexx8yu xyri2b x18d9i69 x1c1uobl x1hl2dhg x16tdsg8 x1vvkbs x3nfvp2 x1j61x8r x1fcty0u xdj266r xat24cr xm2jcoa x1mpyi22 xxymvpz xlup9mm x1kky2od\"><img loading=\"lazy\" decoding=\"async\" class=\"xz74otr x15mokao x1ga7v0g x16uus16 xbiv7yw\" src=\"https:\/\/static.xx.fbcdn.net\/images\/emoji.php\/v9\/te0\/1\/16\/1f1f5_1f1f1.png\" alt=\"\ud83c\uddf5\ud83c\uddf1\" width=\"16\" height=\"16\" \/><\/span><span class=\"html-span xexx8yu xyri2b x18d9i69 x1c1uobl x1hl2dhg x16tdsg8 x1vvkbs x3nfvp2 x1j61x8r x1fcty0u xdj266r xat24cr xm2jcoa x1mpyi22 xxymvpz xlup9mm x1kky2od\"><img loading=\"lazy\" decoding=\"async\" class=\"xz74otr x15mokao x1ga7v0g x16uus16 xbiv7yw\" src=\"https:\/\/static.xx.fbcdn.net\/images\/emoji.php\/v9\/te4\/1\/16\/1f1f1_1f1f9.png\" alt=\"\ud83c\uddf1\ud83c\uddf9\" width=\"16\" height=\"16\" \/><\/span><\/div>\n<\/div>\n<div class=\"x14z9mp xat24cr x1lziwak x1vvkbs xtlvy1s x126k92a\">\n<div dir=\"auto\">Wyj\u0105tkowy wiecz\u00f3r w wyj\u0105tkowym miejscu. Sp\u0119d\u017acie go razem z nami. Czekamy na Was!<span class=\"html-span xexx8yu xyri2b x18d9i69 x1c1uobl x1hl2dhg x16tdsg8 x1vvkbs x3nfvp2 x1j61x8r x1fcty0u xdj266r xat24cr xm2jcoa x1mpyi22 xxymvpz xlup9mm x1kky2od\"><img loading=\"lazy\" decoding=\"async\" class=\"xz74otr x15mokao x1ga7v0g x16uus16 xbiv7yw\" src=\"https:\/\/static.xx.fbcdn.net\/images\/emoji.php\/v9\/t7f\/1\/16\/1f60a.png\" alt=\"\ud83d\ude0a\" width=\"16\" height=\"16\" \/><\/span><span class=\"html-span xexx8yu xyri2b x18d9i69 x1c1uobl x1hl2dhg x16tdsg8 x1vvkbs x3nfvp2 x1j61x8r x1fcty0u xdj266r xat24cr xm2jcoa x1mpyi22 xxymvpz xlup9mm x1kky2od\"><img loading=\"lazy\" decoding=\"async\" class=\"xz74otr x15mokao x1ga7v0g x16uus16 xbiv7yw\" src=\"https:\/\/static.xx.fbcdn.net\/images\/emoji.php\/v9\/tfa\/1\/16\/1f44b.png\" alt=\"\ud83d\udc4b\" width=\"16\" height=\"16\" \/><\/span><\/div>\n<\/div>","excerpt":"<p>Ju\u017c 9 maja zapraszamy do Muzeum Bitwy pod Grunwaldem w St\u0119barku na Europejsk\u0105 Noc Muze\u00f3w.<\/p>","slug":"noc-muzeow-grunwald","image":{"url":"https:\/\/mazury-zachodnie.pl\/wp-content\/uploads\/2026\/04\/9-maja-noc-muzeow.jpg","id":1101426,"extension":"jpg","width":1448,"height":2048,"filesize":639115,"sizes":{"medium":{"width":212,"height":300,"mime-type":"image\/jpeg","filesize":17543,"url":"https:\/\/mazury-zachodnie.pl\/wp-content\/uploads\/2026\/04\/9-maja-noc-muzeow-212x300.jpg"},"large":{"width":724,"height":1024,"mime-type":"image\/jpeg","filesize":134170,"url":"https:\/\/mazury-zachodnie.pl\/wp-content\/uploads\/2026\/04\/9-maja-noc-muzeow-724x1024.jpg"},"thumbnail":{"width":150,"height":150,"mime-type":"image\/jpeg","filesize":7233,"url":"https:\/\/mazury-zachodnie.pl\/wp-content\/uploads\/2026\/04\/9-maja-noc-muzeow-150x150.jpg"},"medium_large":{"width":768,"height":1086,"mime-type":"image\/jpeg","filesize":149070,"url":"https:\/\/mazury-zachodnie.pl\/wp-content\/uploads\/2026\/04\/9-maja-noc-muzeow-768x1086.jpg"},"1536x1536":{"width":1086,"height":1536,"mime-type":"image\/jpeg","filesize":256397,"url":"https:\/\/mazury-zachodnie.pl\/wp-content\/uploads\/2026\/04\/9-maja-noc-muzeow-1086x1536.jpg"},"trp-custom-language-flag":{"width":8,"height":12,"mime-type":"image\/jpeg","filesize":829,"url":"https:\/\/mazury-zachodnie.pl\/wp-content\/uploads\/2026\/04\/9-maja-noc-muzeow-8x12.jpg"},"et-pb-post-main-image":{"width":400,"height":250,"mime-type":"image\/jpeg","filesize":23985,"url":"https:\/\/mazury-zachodnie.pl\/wp-content\/uploads\/2026\/04\/9-maja-noc-muzeow-400x250.jpg"},"et-pb-post-main-image-fullwidth":{"width":1080,"height":675,"mime-type":"image\/jpeg","filesize":115426,"url":"https:\/\/mazury-zachodnie.pl\/wp-content\/uploads\/2026\/04\/9-maja-noc-muzeow-1080x675.jpg"},"et-pb-portfolio-image":{"width":400,"height":284,"mime-type":"image\/jpeg","filesize":26951,"url":"https:\/\/mazury-zachodnie.pl\/wp-content\/uploads\/2026\/04\/9-maja-noc-muzeow-400x284.jpg"},"et-pb-portfolio-module-image":{"width":510,"height":382,"mime-type":"image\/jpeg","filesize":42231,"url":"https:\/\/mazury-zachodnie.pl\/wp-content\/uploads\/2026\/04\/9-maja-noc-muzeow-510x382.jpg"},"et-pb-portfolio-image-single":{"width":1080,"height":1528,"mime-type":"image\/jpeg","filesize":253668,"url":"https:\/\/mazury-zachodnie.pl\/wp-content\/uploads\/2026\/04\/9-maja-noc-muzeow-1080x1528.jpg"},"et-pb-gallery-module-image-portrait":{"width":400,"height":516,"mime-type":"image\/jpeg","filesize":47370,"url":"https:\/\/mazury-zachodnie.pl\/wp-content\/uploads\/2026\/04\/9-maja-noc-muzeow-400x516.jpg"},"et-pb-post-main-image-fullwidth-large":{"width":1448,"height":1800,"mime-type":"image\/jpeg","filesize":375571,"url":"https:\/\/mazury-zachodnie.pl\/wp-content\/uploads\/2026\/04\/9-maja-noc-muzeow-1448x1800.jpg"},"et-pb-image--responsive--desktop":{"width":1280,"height":1810,"mime-type":"image\/jpeg","filesize":329328,"url":"https:\/\/mazury-zachodnie.pl\/wp-content\/uploads\/2026\/04\/9-maja-noc-muzeow-1280x1810.jpg"},"et-pb-image--responsive--tablet":{"width":980,"height":1386,"mime-type":"image\/jpeg","filesize":220654,"url":"https:\/\/mazury-zachodnie.pl\/wp-content\/uploads\/2026\/04\/9-maja-noc-muzeow-980x1386.jpg"},"et-pb-image--responsive--phone":{"width":480,"height":679,"mime-type":"image\/jpeg","filesize":70404,"url":"https:\/\/mazury-zachodnie.pl\/wp-content\/uploads\/2026\/04\/9-maja-noc-muzeow-480x679.jpg"}}},"all_day":false,"start_date":"2026-05-09 16:00:00","start_date_details":{"year":"2026","month":"05","day":"09","hour":"16","minutes":"00","seconds":"00"},"end_date":"2026-05-09 22:00:00","end_date_details":{"year":"2026","month":"05","day":"09","hour":"22","minutes":"00","seconds":"00"},"utc_start_date":"2026-05-09 14:00:00","utc_start_date_details":{"year":"2026","month":"05","day":"09","hour":"14","minutes":"00","seconds":"00"},"utc_end_date":"2026-05-09 20:00:00","utc_end_date_details":{"year":"2026","month":"05","day":"09","hour":"20","minutes":"00","seconds":"00"},"timezone":"Europe\/Warsaw","timezone_abbr":"CEST","cost":"","cost_details":{"currency_symbol":"z\u0142","currency_code":"pln","currency_position":"suffix","values":[]},"website":"","show_map":true,"show_map_link":true,"hide_from_listings":false,"sticky":false,"featured":false,"categories":[{"name":"spotkania","slug":"spotkania","term_group":0,"term_taxonomy_id":130,"taxonomy":"tribe_events_cat","description":"","parent":0,"count":15,"filter":"raw","id":130,"urls":{"self":"https:\/\/mazury-zachodnie.pl\/en\/wp-json\/tribe\/events\/v1\/categories\/130","collection":"https:\/\/mazury-zachodnie.pl\/en\/wp-json\/tribe\/events\/v1\/categories"}},{"name":"Wystawy","slug":"wystawy","term_group":0,"term_taxonomy_id":482,"taxonomy":"tribe_events_cat","description":"","parent":0,"count":1,"filter":"raw","id":482,"urls":{"self":"https:\/\/mazury-zachodnie.pl\/en\/wp-json\/tribe\/events\/v1\/categories\/482","collection":"https:\/\/mazury-zachodnie.pl\/en\/wp-json\/tribe\/events\/v1\/categories"}}],"tags":[{"name":"Grunwald","slug":"grunwald","term_group":0,"term_taxonomy_id":116,"taxonomy":"post_tag","description":"","parent":0,"count":7,"filter":"raw","id":116,"urls":{"self":"https:\/\/mazury-zachodnie.pl\/en\/wp-json\/tribe\/events\/v1\/tags\/116","collection":"https:\/\/mazury-zachodnie.pl\/en\/wp-json\/tribe\/events\/v1\/tags"}},{"name":"Mazury Zachodnie","slug":"mazury-zachodnie","term_group":0,"term_taxonomy_id":254,"taxonomy":"post_tag","description":"","parent":0,"count":27,"filter":"raw","id":254,"urls":{"self":"https:\/\/mazury-zachodnie.pl\/en\/wp-json\/tribe\/events\/v1\/tags\/254","collection":"https:\/\/mazury-zachodnie.pl\/en\/wp-json\/tribe\/events\/v1\/tags"}}],"venue":{"id":1099858,"author":"2","status":"publish","date":"2025-08-13 11:36:56","date_utc":"2025-08-13 09:36:56","modified":"2025-08-13 11:36:56","modified_utc":"2025-08-13 09:36:56","url":"https:\/\/mazury-zachodnie.pl\/en\/venue\/muzeum-bitwy-pod-grunwaldem\/","venue":"Muzeum Bitwy pod Grunwaldem","slug":"muzeum-bitwy-pod-grunwaldem","address":"St\u0119bark 1","city":"St\u0119bark","country":"Poland","province":"Warmi\u0144sko-Mazurskie","zip":"14-107","phone":"+48 89 647 22 27","website":"https:\/\/muzeum-grunwald.pl\/","stateprovince":"Warmi\u0144sko-Mazurskie","json_ld":{"@type":"Place","name":"Muzeum Bitwy pod Grunwaldem","description":"","url":"https:\/\/mazury-zachodnie.pl\/en\/venue\/muzeum-bitwy-pod-grunwaldem\/","address":{"@type":"PostalAddress","streetAddress":"St\u0119bark 1","addressLocality":"St\u0119bark","addressRegion":"Warmi\u0144sko-Mazurskie","postalCode":"14-107","addressCountry":"Poland"},"telephone":"+48 89 647 22 27","sameAs":"https:\/\/muzeum-grunwald.pl\/"},"show_map":true,"show_map_link":true,"global_id":"mazury-zachodnie.pl\/en?id=1099858","global_id_lineage":["mazury-zachodnie.pl\/en?id=1099858"]},"organizer":[{"id":1099859,"author":"2","status":"publish","date":"2025-08-13 11:36:56","date_utc":"2025-08-13 09:36:56","modified":"2025-08-13 11:36:56","modified_utc":"2025-08-13 09:36:56","url":"https:\/\/mazury-zachodnie.pl\/en\/organizer\/muzeum-bitwy-pod-grunwaldem\/","organizer":"Muzeum Bitwy pod Grunwaldem","slug":"muzeum-bitwy-pod-grunwaldem","phone":"+48 89 647 22 27","website":"https:\/\/muzeum-grunwald.pl\/","json_ld":{"@type":"Person","name":"Muzeum Bitwy pod Grunwaldem","description":"","url":"https:\/\/muzeum-grunwald.pl\/","telephone":"+48 89 647 22 27","email":"","sameAs":"https:\/\/muzeum-grunwald.pl\/"},"global_id":"mazury-zachodnie.pl\/en?id=1099859","global_id_lineage":["mazury-zachodnie.pl\/en?id=1099859"]}],"custom_fields":[],"json_ld":{"@context":"http:\/\/schema.org","@type":"Event","name":"NOC MUZE\u00d3W | Grunwald!","description":"&lt;p&gt;Ju\u017c 9 maja zapraszamy do Muzeum Bitwy pod Grunwaldem w St\u0119barku na Europejsk\u0105 Noc Muze\u00f3w.&lt;\/p&gt;\\n","image":"https:\/\/mazury-zachodnie.pl\/wp-content\/uploads\/2026\/04\/9-maja-noc-muzeow.jpg","url":"https:\/\/mazury-zachodnie.pl\/en\/wydarzenie\/noc-muzeow-grunwald\/","eventAttendanceMode":"https:\/\/schema.org\/OfflineEventAttendanceMode","eventStatus":"https:\/\/schema.org\/EventScheduled","startDate":"2026-05-09T16:00:00+02:00","endDate":"2026-05-09T22:00:00+02:00","location":{"@type":"Place","name":"Muzeum Bitwy pod Grunwaldem","description":"","url":"https:\/\/mazury-zachodnie.pl\/en\/venue\/muzeum-bitwy-pod-grunwaldem\/","address":{"@type":"PostalAddress","streetAddress":"St\u0119bark 1","addressLocality":"St\u0119bark","addressRegion":"Warmi\u0144sko-Mazurskie","postalCode":"14-107","addressCountry":"Poland"},"telephone":"+48 89 647 22 27","sameAs":"https:\/\/muzeum-grunwald.pl\/"},"organizer":{"@type":"Person","name":"Muzeum Bitwy pod Grunwaldem","description":"","url":"https:\/\/muzeum-grunwald.pl\/","telephone":"+48 89 647 22 27","email":"","sameAs":"https:\/\/muzeum-grunwald.pl\/"},"performer":"Organization"},"is_virtual":false,"virtual_url":null,"virtual_video_source":""}